{"id":875,"date":"2020-04-19T14:04:29","date_gmt":"2020-04-19T14:04:29","guid":{"rendered":"https:\/\/www.cristianos-viladecans.org\/wp2018\/?p=875"},"modified":"2020-04-26T13:52:38","modified_gmt":"2020-04-26T13:52:38","slug":"mensaje-de-habacuc-en-tiempos-de-confinamiento-i-la-queja","status":"publish","type":"post","link":"https:\/\/www.cristianos-viladecans.org\/wp2018\/2020\/04\/19\/mensaje-de-habacuc-en-tiempos-de-confinamiento-i-la-queja\/","title":{"rendered":"La queja del profeta"},"content":{"rendered":"<p>Habacuc 1:1-17<\/p>\n<table border=\"0\" style=\"width: 100%; border-collapse: collapse;\" cellpadding=\"0\" cellspacing=\"0\">\n<tbody>\n<tr>\n<td style=\"width: 100%;\"><iframe loading=\"lazy\" width=\"560\" height=\"315\" src=\"https:\/\/www.youtube.com\/embed\/TUSSsBoVSU0?rel=0\" frameborder=\"0\" allow=\"accelerometer; autoplay; encrypted-media; gyroscope; picture-in-picture\" allowfullscreen=\"allowfullscreen\"><\/iframe><\/td>\n<\/tr>\n<tr>\n<td style=\"width: 100%;\"><span>\u00bfEs l\u00edcito preguntar a Dios porqu\u00e9 y hasta cuando en medio de situaciones que no comprendemos? El profeta Habacuc se atrevi\u00f3 a preguntar a Dios.<\/span><br \/>\n<span><\/span><\/td>\n<\/tr>\n<tr style=\"height: 29px;\">\n<td style=\"width: 100%; height: 29px;\">Predicado por Ricard Bard\u00e9s el 19 de Abril, 2020<\/td>\n<\/tr>\n<\/tbody>\n<\/table>\n<p>&nbsp;<\/p>\n","protected":false},"excerpt":{"rendered":"<p>Predicaci\u00f3n acerca de las preguntas que el profeta Habacuc present\u00f3 al Se\u00f1or en oraci\u00f3n basada en Habacuc 1:1-17<\/p>\n","protected":false},"author":8,"featured_media":0,"comment_status":"closed","ping_status":"open","sticky":false,"template":"","format":"standard","meta":[],"categories":[269],"tags":[270,116,272,124,271,24],"aioseo_notices":[],"_links":{"self":[{"href":"https:\/\/www.cristianos-viladecans.org\/wp2018\/wp-json\/wp\/v2\/posts\/875"}],"collection":[{"href":"https:\/\/www.cristianos-viladecans.org\/wp2018\/wp-json\/wp\/v2\/posts"}],"about":[{"href":"https:\/\/www.cristianos-viladecans.org\/wp2018\/wp-json\/wp\/v2\/types\/post"}],"author":[{"embeddable":true,"href":"https:\/\/www.cristianos-viladecans.org\/wp2018\/wp-json\/wp\/v2\/users\/8"}],"replies":[{"embeddable":true,"href":"https:\/\/www.cristianos-viladecans.org\/wp2018\/wp-json\/wp\/v2\/comments?post=875"}],"version-history":[{"count":5,"href":"https:\/\/www.cristianos-viladecans.org\/wp2018\/wp-json\/wp\/v2\/posts\/875\/revisions"}],"predecessor-version":[{"id":883,"href":"https:\/\/www.cristianos-viladecans.org\/wp2018\/wp-json\/wp\/v2\/posts\/875\/revisions\/883"}],"wp:attachment":[{"href":"https:\/\/www.cristianos-viladecans.org\/wp2018\/wp-json\/wp\/v2\/media?parent=875"}],"wp:term":[{"taxonomy":"category","embeddable":true,"href":"https:\/\/www.cristianos-viladecans.org\/wp2018\/wp-json\/wp\/v2\/categories?post=875"},{"taxonomy":"post_tag","embeddable":true,"href":"https:\/\/www.cristianos-viladecans.org\/wp2018\/wp-json\/wp\/v2\/tags?post=875"}],"curies":[{"name":"wp","href":"https:\/\/api.w.org\/{rel}","templated":true}]}}