{"id":609,"date":"2019-10-20T15:38:55","date_gmt":"2019-10-20T15:38:55","guid":{"rendered":"https:\/\/www.cristianos-viladecans.org\/wp2018\/?p=609"},"modified":"2019-11-03T15:49:48","modified_gmt":"2019-11-03T15:49:48","slug":"hijo_dios_ama_dios_projimo","status":"publish","type":"post","link":"https:\/\/www.cristianos-viladecans.org\/wp2018\/2019\/10\/20\/hijo_dios_ama_dios_projimo\/","title":{"rendered":"Un hijo de Dios es una persona que ama a Dios y al pr\u00f3jimo"},"content":{"rendered":"<p>Marcos 12: 28-34<\/p>\n<table border=\"0\" style=\"height: 0px; width: 100%; border-collapse: collapse;\" cellpadding=\"0\" cellspacing=\"0\">\n<tbody>\n<tr style=\"height: 29px;\">\n<td style=\"width: 100%; height: 29px;\"><iframe height=\"200\" style=\"border: 1px solid #EEE; box-sizing: border-box; width: 100%;\" id=\"audio_43844707\" frameborder=\"0\" allowfullscreen=\"allowfullscreen\" scrolling=\"no\" src=\"https:\/\/www.ivoox.com\/player_ej_43844707_4_1.html?c1=ff6600\"><\/iframe><\/td>\n<\/tr>\n<tr>\n<td style=\"width: 100%;\"><span>Predicaci\u00f3n sobre el amor a Dios y al pr\u00f3jimo. Esta predicaci\u00f3n forma parte de una serie titulada \u00abSiete caracter\u00edsticas de un hijo de Dios\u00bb<\/span><br \/>\n<span><\/span><\/td>\n<\/tr>\n<tr style=\"height: 29px;\">\n<td style=\"width: 100%; height: 29px;\">Predicado por Rodrigo Zamora el 20 de Octubre, 2019.<\/td>\n<\/tr>\n<\/tbody>\n<\/table>\n<p>&nbsp;<\/p>\n","protected":false},"excerpt":{"rendered":"<p>Predicaci\u00f3n basada en Marcos 12:28-34 sobre el amor a Dios y al pr\u00f3jimo. Esta predicaci\u00f3n forma parte de una serie titulada \u00abSiete caracter\u00edsticas de un hijo de Dios\u00bb<\/p>\n","protected":false},"author":11,"featured_media":0,"comment_status":"closed","ping_status":"open","sticky":false,"template":"","format":"standard","meta":[],"categories":[168],"tags":[111,174,169,173,33],"aioseo_notices":[],"_links":{"self":[{"href":"https:\/\/www.cristianos-viladecans.org\/wp2018\/wp-json\/wp\/v2\/posts\/609"}],"collection":[{"href":"https:\/\/www.cristianos-viladecans.org\/wp2018\/wp-json\/wp\/v2\/posts"}],"about":[{"href":"https:\/\/www.cristianos-viladecans.org\/wp2018\/wp-json\/wp\/v2\/types\/post"}],"author":[{"embeddable":true,"href":"https:\/\/www.cristianos-viladecans.org\/wp2018\/wp-json\/wp\/v2\/users\/11"}],"replies":[{"embeddable":true,"href":"https:\/\/www.cristianos-viladecans.org\/wp2018\/wp-json\/wp\/v2\/comments?post=609"}],"version-history":[{"count":5,"href":"https:\/\/www.cristianos-viladecans.org\/wp2018\/wp-json\/wp\/v2\/posts\/609\/revisions"}],"predecessor-version":[{"id":614,"href":"https:\/\/www.cristianos-viladecans.org\/wp2018\/wp-json\/wp\/v2\/posts\/609\/revisions\/614"}],"wp:attachment":[{"href":"https:\/\/www.cristianos-viladecans.org\/wp2018\/wp-json\/wp\/v2\/media?parent=609"}],"wp:term":[{"taxonomy":"category","embeddable":true,"href":"https:\/\/www.cristianos-viladecans.org\/wp2018\/wp-json\/wp\/v2\/categories?post=609"},{"taxonomy":"post_tag","embeddable":true,"href":"https:\/\/www.cristianos-viladecans.org\/wp2018\/wp-json\/wp\/v2\/tags?post=609"}],"curies":[{"name":"wp","href":"https:\/\/api.w.org\/{rel}","templated":true}]}}