{"id":521,"date":"2019-06-23T14:41:25","date_gmt":"2019-06-23T14:41:25","guid":{"rendered":"https:\/\/www.cristianos-viladecans.org\/wp2018\/?p=521"},"modified":"2019-06-28T08:05:12","modified_gmt":"2019-06-28T08:05:12","slug":"sies_dios","status":"publish","type":"post","link":"https:\/\/www.cristianos-viladecans.org\/wp2018\/2019\/06\/23\/sies_dios\/","title":{"rendered":"Los S\u00edes de Dios"},"content":{"rendered":"<p>Mateo 7:7-8; 2 Cr\u00f3nicas 1:7-12; Nehem\u00edas 1 &#8211; 2 : 8<\/p>\n<table border=\"0\" style=\"height: 0px; width: 100%; border-collapse: collapse;\" cellpadding=\"0\" cellspacing=\"0\">\n<tbody>\n<tr style=\"height: 29px;\">\n<td style=\"width: 100%; height: 29px;\"><iframe height=\"200\" style=\"border: 1px solid #EEE; box-sizing: border-box; width: 100%;\" id=\"audio_37637159\" frameborder=\"0\" allowfullscreen=\"allowfullscreen\" scrolling=\"no\" src=\"https:\/\/www.ivoox.com\/player_ej_37637159_4_1.html?c1=ff6600\"><\/iframe><\/td>\n<\/tr>\n<tr>\n<td style=\"width: 100%;\">Predicaci\u00f3n acerca de la respuesta positiva de la oraci\u00f3n.<\/td>\n<\/tr>\n<tr style=\"height: 29px;\">\n<td style=\"width: 100%; height: 29px;\">Predicado por Ricard Bard\u00e9s el 23 de Junio, 2019.<\/td>\n<\/tr>\n<\/tbody>\n<\/table>\n<p>&nbsp;<\/p>\n","protected":false},"excerpt":{"rendered":"<p>Predicaci\u00f3n acerca de la respuesta positiva de la oraci\u00f3n basada en Mateo 7:7-8, 2 Cr\u00f3nicas 1:7-12, Nehem\u00edas 1 &#8211; 2 : 8.<\/p>\n","protected":false},"author":8,"featured_media":0,"comment_status":"closed","ping_status":"open","sticky":false,"template":"","format":"standard","meta":[],"categories":[139],"tags":[136,47,137,116,24,138],"aioseo_notices":[],"_links":{"self":[{"href":"https:\/\/www.cristianos-viladecans.org\/wp2018\/wp-json\/wp\/v2\/posts\/521"}],"collection":[{"href":"https:\/\/www.cristianos-viladecans.org\/wp2018\/wp-json\/wp\/v2\/posts"}],"about":[{"href":"https:\/\/www.cristianos-viladecans.org\/wp2018\/wp-json\/wp\/v2\/types\/post"}],"author":[{"embeddable":true,"href":"https:\/\/www.cristianos-viladecans.org\/wp2018\/wp-json\/wp\/v2\/users\/8"}],"replies":[{"embeddable":true,"href":"https:\/\/www.cristianos-viladecans.org\/wp2018\/wp-json\/wp\/v2\/comments?post=521"}],"version-history":[{"count":3,"href":"https:\/\/www.cristianos-viladecans.org\/wp2018\/wp-json\/wp\/v2\/posts\/521\/revisions"}],"predecessor-version":[{"id":524,"href":"https:\/\/www.cristianos-viladecans.org\/wp2018\/wp-json\/wp\/v2\/posts\/521\/revisions\/524"}],"wp:attachment":[{"href":"https:\/\/www.cristianos-viladecans.org\/wp2018\/wp-json\/wp\/v2\/media?parent=521"}],"wp:term":[{"taxonomy":"category","embeddable":true,"href":"https:\/\/www.cristianos-viladecans.org\/wp2018\/wp-json\/wp\/v2\/categories?post=521"},{"taxonomy":"post_tag","embeddable":true,"href":"https:\/\/www.cristianos-viladecans.org\/wp2018\/wp-json\/wp\/v2\/tags?post=521"}],"curies":[{"name":"wp","href":"https:\/\/api.w.org\/{rel}","templated":true}]}}