{"id":397,"date":"2019-01-13T11:52:56","date_gmt":"2019-01-13T11:52:56","guid":{"rendered":"https:\/\/www.cristianos-viladecans.org\/wp2018\/?p=397"},"modified":"2019-01-16T12:00:52","modified_gmt":"2019-01-16T12:00:52","slug":"vida_anclada_biblia","status":"publish","type":"post","link":"https:\/\/www.cristianos-viladecans.org\/wp2018\/2019\/01\/13\/vida_anclada_biblia\/","title":{"rendered":"Una vida anclada en la Palabra de Dios"},"content":{"rendered":"<p>Colosenses 3:16-17<\/p>\n<table border=\"0\" style=\"height: 0px; width: 100%; border-collapse: collapse;\" cellpadding=\"0\" cellspacing=\"0\">\n<tbody>\n<tr style=\"height: 29px;\">\n<td style=\"width: 100%; height: 29px;\"><iframe height=\"200\" style=\"border: 1px solid #EEE; box-sizing: border-box; width: 100%;\" id=\"audio_31527530\" frameborder=\"0\" allowfullscreen=\"allowfullscreen\" scrolling=\"no\" src=\"https:\/\/www.ivoox.com\/player_ej_31527530_4_1.html?c1=ff6600\"><\/iframe><\/td>\n<\/tr>\n<tr>\n<td style=\"width: 100%;\"><span>Basada en Colosenses 3:16-17. Sobre una vida anclada en la Palabra, sostenida por una relaci\u00f3n \u00edntima con el Se\u00f1or y transformada por el Esp\u00edritu Santo.<\/span><\/td>\n<\/tr>\n<tr style=\"height: 29px;\">\n<td style=\"width: 100%; height: 29px;\">Predicado por Manel Rodr\u00edguez el 13 de enero, 2018<\/td>\n<\/tr>\n<\/tbody>\n<\/table>\n<p>&nbsp;<\/p>\n","protected":false},"excerpt":{"rendered":"<p>Basada en Colosenses 3:16-17. Sobre una vida anclada en la Palabra, sostenida por una relaci\u00f3n \u00edntima con el Se\u00f1or y transformada por el Esp\u00edritu Santo.<\/p>\n","protected":false},"author":13,"featured_media":0,"comment_status":"closed","ping_status":"open","sticky":false,"template":"","format":"standard","meta":[],"categories":[44],"tags":[70,68,71,72,69],"aioseo_notices":[],"_links":{"self":[{"href":"https:\/\/www.cristianos-viladecans.org\/wp2018\/wp-json\/wp\/v2\/posts\/397"}],"collection":[{"href":"https:\/\/www.cristianos-viladecans.org\/wp2018\/wp-json\/wp\/v2\/posts"}],"about":[{"href":"https:\/\/www.cristianos-viladecans.org\/wp2018\/wp-json\/wp\/v2\/types\/post"}],"author":[{"embeddable":true,"href":"https:\/\/www.cristianos-viladecans.org\/wp2018\/wp-json\/wp\/v2\/users\/13"}],"replies":[{"embeddable":true,"href":"https:\/\/www.cristianos-viladecans.org\/wp2018\/wp-json\/wp\/v2\/comments?post=397"}],"version-history":[{"count":3,"href":"https:\/\/www.cristianos-viladecans.org\/wp2018\/wp-json\/wp\/v2\/posts\/397\/revisions"}],"predecessor-version":[{"id":400,"href":"https:\/\/www.cristianos-viladecans.org\/wp2018\/wp-json\/wp\/v2\/posts\/397\/revisions\/400"}],"wp:attachment":[{"href":"https:\/\/www.cristianos-viladecans.org\/wp2018\/wp-json\/wp\/v2\/media?parent=397"}],"wp:term":[{"taxonomy":"category","embeddable":true,"href":"https:\/\/www.cristianos-viladecans.org\/wp2018\/wp-json\/wp\/v2\/categories?post=397"},{"taxonomy":"post_tag","embeddable":true,"href":"https:\/\/www.cristianos-viladecans.org\/wp2018\/wp-json\/wp\/v2\/tags?post=397"}],"curies":[{"name":"wp","href":"https:\/\/api.w.org\/{rel}","templated":true}]}}