{"id":243,"date":"2018-11-25T11:37:35","date_gmt":"2018-11-25T11:37:35","guid":{"rendered":"https:\/\/www.cristianos-viladecans.org\/wp2018\/?p=243"},"modified":"2020-03-02T14:46:48","modified_gmt":"2020-03-02T14:46:48","slug":"iglesia_plan_dios_3","status":"publish","type":"post","link":"https:\/\/www.cristianos-viladecans.org\/wp2018\/2018\/11\/25\/iglesia_plan_dios_3\/","title":{"rendered":"La iglesia en el plan de Dios. Tercera sesi\u00f3n"},"content":{"rendered":"<table border=\"0\" style=\"height: 0px; width: 100%; border-collapse: collapse;\" cellpadding=\"0\" cellspacing=\"0\">\n<tbody>\n<tr>\n<td style=\"width: 100%;\">Juan 17; Mateo 28<\/td>\n<\/tr>\n<tr style=\"height: 29px;\">\n<td style=\"width: 100%; height: 29px;\"><iframe height=\"200\" style=\"border: 1px solid #EEE; box-sizing: border-box; width: 100%;\" id=\"audio_30344285\" frameborder=\"0\" allowfullscreen=\"allowfullscreen\" scrolling=\"no\" src=\"https:\/\/www.ivoox.com\/player_ej_30344285_4_1.html?c1=ff6600\"><\/iframe><\/td>\n<\/tr>\n<tr>\n<td style=\"width: 100%;\"><span>Sobre la iglesia en el plan de Dios. Definici\u00f3n y composici\u00f3n de la iglesia, pr\u00f3posito de Dios para crearla y la capacitaci\u00f3n que Dios le dio.\u00a0<\/span><\/td>\n<\/tr>\n<tr style=\"height: 29px;\">\n<td style=\"width: 100%; height: 29px;\">Predicado por Antonio Villafranca el 25 de noviembre, 2018<\/td>\n<\/tr>\n<\/tbody>\n<\/table>\n<p>&nbsp;<\/p>\n","protected":false},"excerpt":{"rendered":"<p>Basada en Juan 17 y Mateo 28. Sobre la iglesia en el plan de Dios. Definici\u00f3n y composici\u00f3n de la iglesia, pr\u00f3posito de Dios para crearla y la capacitaci\u00f3n que Dios le dio.<\/p>\n","protected":false},"author":12,"featured_media":0,"comment_status":"closed","ping_status":"open","sticky":false,"template":"","format":"standard","meta":[],"categories":[52],"tags":[45,49,48,15,47,260,50,46,22],"aioseo_notices":[],"_links":{"self":[{"href":"https:\/\/www.cristianos-viladecans.org\/wp2018\/wp-json\/wp\/v2\/posts\/243"}],"collection":[{"href":"https:\/\/www.cristianos-viladecans.org\/wp2018\/wp-json\/wp\/v2\/posts"}],"about":[{"href":"https:\/\/www.cristianos-viladecans.org\/wp2018\/wp-json\/wp\/v2\/types\/post"}],"author":[{"embeddable":true,"href":"https:\/\/www.cristianos-viladecans.org\/wp2018\/wp-json\/wp\/v2\/users\/12"}],"replies":[{"embeddable":true,"href":"https:\/\/www.cristianos-viladecans.org\/wp2018\/wp-json\/wp\/v2\/comments?post=243"}],"version-history":[{"count":6,"href":"https:\/\/www.cristianos-viladecans.org\/wp2018\/wp-json\/wp\/v2\/posts\/243\/revisions"}],"predecessor-version":[{"id":252,"href":"https:\/\/www.cristianos-viladecans.org\/wp2018\/wp-json\/wp\/v2\/posts\/243\/revisions\/252"}],"wp:attachment":[{"href":"https:\/\/www.cristianos-viladecans.org\/wp2018\/wp-json\/wp\/v2\/media?parent=243"}],"wp:term":[{"taxonomy":"category","embeddable":true,"href":"https:\/\/www.cristianos-viladecans.org\/wp2018\/wp-json\/wp\/v2\/categories?post=243"},{"taxonomy":"post_tag","embeddable":true,"href":"https:\/\/www.cristianos-viladecans.org\/wp2018\/wp-json\/wp\/v2\/tags?post=243"}],"curies":[{"name":"wp","href":"https:\/\/api.w.org\/{rel}","templated":true}]}}