{"id":1062,"date":"2020-12-13T16:00:57","date_gmt":"2020-12-13T16:00:57","guid":{"rendered":"https:\/\/www.cristianos-viladecans.org\/wp2018\/?p=1062"},"modified":"2021-01-10T18:15:16","modified_gmt":"2021-01-10T18:15:16","slug":"verdadero_espiritu_navidad","status":"publish","type":"post","link":"https:\/\/www.cristianos-viladecans.org\/wp2018\/2020\/12\/13\/verdadero_espiritu_navidad\/","title":{"rendered":"El verdadero esp\u00edritu de la Navidad"},"content":{"rendered":"<table border=\"0\" style=\"height: 0px; width: 100%; border-collapse: collapse;\" cellpadding=\"0\" cellspacing=\"0\">\n<tbody>\n<tr style=\"height: 29px;\">\n<td style=\"width: 100%; height: 29px;\">Lucas 2: 10-11<\/td>\n<\/tr>\n<tr style=\"height: 29px;\">\n<td style=\"width: 100%; height: 29px;\">\n<iframe loading=\"lazy\" width=\"560\" height=\"315\" src=\"https:\/\/www.youtube.com\/embed\/rsE9x_d5Kso?rel=0\" frameborder=\"0\" allow=\"accelerometer; autoplay; clipboard-write; encrypted-media; gyroscope; picture-in-picture\" allowfullscreen><\/iframe>\n<\/td>\n<\/tr>\n<tr>\n<td style=\"width: 100%;\"><span>Seguimos con nuestras reflexiones acerca de c\u00f3mo salvar la Navidad, en esta ocasi\u00f3n sobre el hablar\u00e1 del verdadero esp\u00edritu de la Navidad.<\/span><span><\/span><\/td>\n<\/tr>\n<tr style=\"height: 29px;\">\n<td style=\"width: 100%; height: 29px;\">Predicado por David Burt el 13 de desembre, 2020<\/td>\n<\/tr>\n<\/tbody>\n<\/table>\n<p>&nbsp;<\/p>\n","protected":false},"excerpt":{"rendered":"<p>Seguimos con nuestras reflexiones acerca de c\u00f3mo salvar la Navidad, en esta ocasi\u00f3n sobre el hablar\u00e1 del verdadero esp\u00edritu de la Navidad.<\/p>\n","protected":false},"author":23,"featured_media":0,"comment_status":"closed","ping_status":"open","sticky":false,"template":"","format":"standard","meta":[],"categories":[321],"tags":[55,331,330,328,53,54,329],"aioseo_notices":[],"_links":{"self":[{"href":"https:\/\/www.cristianos-viladecans.org\/wp2018\/wp-json\/wp\/v2\/posts\/1062"}],"collection":[{"href":"https:\/\/www.cristianos-viladecans.org\/wp2018\/wp-json\/wp\/v2\/posts"}],"about":[{"href":"https:\/\/www.cristianos-viladecans.org\/wp2018\/wp-json\/wp\/v2\/types\/post"}],"author":[{"embeddable":true,"href":"https:\/\/www.cristianos-viladecans.org\/wp2018\/wp-json\/wp\/v2\/users\/23"}],"replies":[{"embeddable":true,"href":"https:\/\/www.cristianos-viladecans.org\/wp2018\/wp-json\/wp\/v2\/comments?post=1062"}],"version-history":[{"count":3,"href":"https:\/\/www.cristianos-viladecans.org\/wp2018\/wp-json\/wp\/v2\/posts\/1062\/revisions"}],"predecessor-version":[{"id":1065,"href":"https:\/\/www.cristianos-viladecans.org\/wp2018\/wp-json\/wp\/v2\/posts\/1062\/revisions\/1065"}],"wp:attachment":[{"href":"https:\/\/www.cristianos-viladecans.org\/wp2018\/wp-json\/wp\/v2\/media?parent=1062"}],"wp:term":[{"taxonomy":"category","embeddable":true,"href":"https:\/\/www.cristianos-viladecans.org\/wp2018\/wp-json\/wp\/v2\/categories?post=1062"},{"taxonomy":"post_tag","embeddable":true,"href":"https:\/\/www.cristianos-viladecans.org\/wp2018\/wp-json\/wp\/v2\/tags?post=1062"}],"curies":[{"name":"wp","href":"https:\/\/api.w.org\/{rel}","templated":true}]}}